{"id":14462,"global_id":"appa.qc.ca\/cssdm?id=14462","global_id_lineage":["appa.qc.ca\/cssdm?id=14462"],"author":"20","status":"publish","date":"2025-09-05 15:06:19","date_utc":"2025-09-05 20:06:19","modified":"2025-09-05 15:34:48","modified_utc":"2025-09-05 20:34:48","url":"https:\/\/appa.qc.ca\/cssdm\/evenement\/assemblee-generale-financiere-2025\/","rest_url":"https:\/\/appa.qc.ca\/cssdm\/wp-json\/tribe\/events\/v1\/events\/14462","title":"Assembl\u00e9e g\u00e9n\u00e9rale | Financi\u00e8re &#8211; 17 sep","description":"<h2>L\u2019Assembl\u00e9e g\u00e9n\u00e9rale aura lieu le mercredi 17 septembre 2025 \u00e0 19 heures Le mercredi 17 septembre 2025 \u00e0 19 heures en visioconf\u00e9rence sur Zoom. Au cours de cette assembl\u00e9e, les r\u00e9alisations budg\u00e9taires 2024 seront pr\u00e9sent\u00e9es.<\/h2>\n<p><span style=\"background-color: #ffff00;\"><strong>Vous avez jusqu\u2019au 15 septembre 2025 \u00e0 16 h pour vous s\u2019inscrire en avance \u00e0 cette assembl\u00e9e g\u00e9n\u00e9rale sp\u00e9ciale, veuillez cliquer sur ce lien suivant :<\/strong><\/span><\/p>\n<p><a href=\"https:\/\/forms.office.com\/Pages\/ResponsePage.aspx?id=2jlk_MHfPUSKZ-XVOlzIyyBHn5EKM0FJgY7nuuLkyslUQ1JBTERZVzkzUkVBNVA0QkQxNjRVRlA0Vy4u&amp;lang=fr-ca\">https:\/\/forms.office.com\/Pages\/ResponsePage.aspx?id=2jlk_MHfPUSKZ-XVOlzIyyBHn5EKM0FJgY7nuuLkyslUQ1JBTERZVzkzUkVBNVA0QkQxNjRVRlA0Vy4u&amp;lang=fr-ca<\/a><\/p>\n<p>Vous recevrez une confirmation, par courriel, la journ\u00e9e de l\u2019assembl\u00e9e qui contiendra les informations concernant cette assembl\u00e9e en visioconf\u00e9rence.<\/p>\n<p><strong>Seules les personnes inscrites pourront acc\u00e9der \u00e0 la visioconf\u00e9rence.<\/strong><\/p>\n<p><strong>PROJET D\u2019ORDRE DU JOUR<\/strong><\/p>\n<p>1. Ouverture de l\u2019assembl\u00e9e<br \/>\n2. Lecture et adoption de l\u2019ordre du jour<br \/>\n3. Lecture et approbation des proc\u00e8s-verbaux des 27 septembre 2024 et 30 avril 2025<br \/>\n4. R\u00e9alisations budg\u00e9taires 2024 (VOTE)<br \/>\n5. Pr\u00e9sentation du rapport de surveillance (VOTE)<br \/>\n6. Assembl\u00e9e g\u00e9n\u00e9rale d\u2019\u00e9lections du conseil syndical \u2014 Demande de d\u00e9rogation (VOTE)<br \/>\n7. Autres sujets<br \/>\n&nbsp; &nbsp; &nbsp; &nbsp; &nbsp;7.1. Suivi des travaux de r\u00e9fection de l\u2019\u00e9difice 3330 \u2013 3340, boul. de l\u2019Assomption<br \/>\n8. Varia<br \/>\n9. Lev\u00e9e de l\u2019assembl\u00e9e<\/p>\n<p><div class=\"wpfd-single-file pdf\" data-id=\"14464\" data-catid=\"556\">\n    <input type=\"hidden\" class=\"wpfd_file_preview_link_download\" value=\"https:\/\/appa.qc.ca\/cssdm\/download\/556\/ordres-du-jour\/14464\/ag-financiere-convocation-17-sep-2025.pdf\" data-filetitle=\"AG - Financi\u00e8re | Convocation - 17 sep 2025\" data-fileicons=\"ext ext-pdf wpfd-icon-set-svg\" \/>\n    <input type=\"hidden\" class=\"wpfd_file_ext\" value=\"pdf\" \/>\n    <div class=\"wpfd-single-file--icon\">\n            <a href=\"https:\/\/appa.qc.ca\/cssdm\/wp-admin\/admin-ajax.php?juwpfisadmin&#x3D;false&amp;action&#x3D;wpfd&amp;task&#x3D;file.download&amp;wpfd_category_id&#x3D;556&amp;wpfd_file_id&#x3D;14464&amp;token&#x3D;&amp;preview&#x3D;1\" alt=\"AG - Financi\u00e8re | Convocation - 17 sep 2025\" class=\"wpfdlightbox\" data-file-type=\"pdf\" data-id=\"14464\" data-catid=\"556\" >\n            <div class=\"wpfd-icon-placeholder\" style=\"background-image: url(&quot;https:\/\/appa.qc.ca\/cssdm\/wp-content\/plugins\/wp-file-download\/app\/site\/assets\/icons\/svg\/pdf.svg&quot;);border-radius: 4%;box-shadow: 0px 0px 0px 0px transparent;background-color: #CB0606;border: 0px solid ;background-size: 100%;\"><\/div>\n        <\/a>\n    <\/div>\n\n    <div class=\"wpfd-single-file--details wpfd-file-content\">\n                        <h3 class=\"wpfd-file-content--title\"><a href=\"https:\/\/appa.qc.ca\/cssdm\/download\/556\/ordres-du-jour\/14464\/ag-financiere-convocation-17-sep-2025.pdf\"  style=\"text-decoration: none\">AG - Financi\u00e8re | Convocation - 17 sep 2025<\/a><\/h3>\n        <div class=\"wpfd-file-content--meta\">\n                    <div>Taille: 137.21 KB<\/div>\n                    <div>Updated: 05-09-2025<\/div>\n        <\/div>\n    <\/div>\n    <div class=\"wpfd-single-file--buttons\">\n                                <a href=\"https:\/\/appa.qc.ca\/cssdm\/download\/556\/ordres-du-jour\/14464\/ag-financiere-convocation-17-sep-2025.pdf\"   data-id=\"14464\" title=\"AG - Financi\u00e8re | Convocation - 17 sep 2025\" class=\"noLightbox wpfd_downloadlink wpfd-single-file-button wpfd-button-download\">\n                    <svg xmlns=\"http:\/\/www.w3.org\/2000\/svg\" width=\"38\" height=\"38\" viewBox=\"0 0 400 400\"><g fill=\"#ffffff\"><path d=\"M400 200c0 112-89 200-201 200C88 400 0 311 0 199S89 0 201 0c111 0 199 89 199 200zm-179-8l-3-1V89c0-15-7-24-18-23-13 1-18 9-18 22v107l-34-35c-8-8-18-11-27-2-8 8-7 18 2 26l63 63c10 11 18 10 28 0l63-62c8-8 10-17 2-27-7-8-17-7-27 2l-31 32zm-21 113h82c13 0 24-4 32-14 10-14 8-29 6-44-1-4-8-9-12-8-5 0-9 6-12 10-2 3-1 8 0 13 1 13-5 17-18 17H131c-25 0-25 0-26-25-1-3 0-6-2-7-3-4-8-8-12-8s-10 5-11 9c-11 30 8 57 40 57h80z\"\/><\/g><\/svg>\n                    <span>T\u00e9l\u00e9charger<\/span>\n                <\/a>\n                    <a href=\"https:\/\/appa.qc.ca\/cssdm\/wp-admin\/admin-ajax.php?juwpfisadmin&#x3D;false&amp;action&#x3D;wpfd&amp;task&#x3D;file.download&amp;wpfd_category_id&#x3D;556&amp;wpfd_file_id&#x3D;14464&amp;token&#x3D;&amp;preview&#x3D;1\"  class=\"wpfd-single-file-button wpfd-button-preview openlink wpfdlightbox\">\n                        <svg xmlns=\"http:\/\/www.w3.org\/2000\/svg\" width=\"38\" height=\"38\" viewBox=\"0 0 400 400\"><g fill=\"#ffffff\"><path d=\"M200 325c-36 0-70-11-101-30a356 356 0 01-92-80c-9-11-9-19 0-29 37-44 79-79 131-99 51-20 102-14 151 12 41 22 76 52 106 89 6 8 7 16 1 23-39 48-85 85-141 105a167 167 0 01-55 9zm0-47c41 0 75-36 75-81s-34-81-75-81c-42 0-75 36-75 81s34 81 75 81z\"\/><path d=\"M200 159c21 0 38 17 38 38 0 20-17 37-38 37s-38-17-38-37c0-21 17-38 38-38z\"\/><\/g><\/svg>\n                        <span>Aper\u00e7u<\/span>\n                    <\/a>\n    <\/div>\n<\/div>\n<\/p>","excerpt":"<p>L\u2019Assembl\u00e9e g\u00e9n\u00e9rale aura lieu le mercredi 17 septembre 2025 \u00e0 19 heures en visioconf\u00e9rence sur Zoom. Au cours de cette assembl\u00e9e, les r\u00e9alisations budg\u00e9taires 2024 seront pr\u00e9sent\u00e9es.<\/p>","slug":"assemblee-generale-financiere-2025","image":{"url":"https:\/\/appa.qc.ca\/cssdm\/wp-content\/uploads\/2025\/09\/Assemblee-generale-zoom-674x455-1.jpg","id":14466,"extension":"jpg","width":674,"height":455,"filesize":148520,"sizes":{"medium":{"width":300,"height":203,"mime-type":"image\/jpeg","filesize":17817,"url":"https:\/\/appa.qc.ca\/cssdm\/wp-content\/uploads\/2025\/09\/Assemblee-generale-zoom-674x455-1-300x203.jpg"},"thumbnail":{"width":150,"height":150,"mime-type":"image\/jpeg","filesize":8540,"url":"https:\/\/appa.qc.ca\/cssdm\/wp-content\/uploads\/2025\/09\/Assemblee-generale-zoom-674x455-1-150x150.jpg"},"post-thumbnail":{"width":674,"height":450,"mime-type":"image\/jpeg","filesize":53783,"url":"https:\/\/appa.qc.ca\/cssdm\/wp-content\/uploads\/2025\/09\/Assemblee-generale-zoom-674x455-1-674x450.jpg"},"single-post-thumbnail":{"width":296,"height":200,"mime-type":"image\/jpeg","filesize":17758,"url":"https:\/\/appa.qc.ca\/cssdm\/wp-content\/uploads\/2025\/09\/Assemblee-generale-zoom-674x455-1-296x200.jpg"},"faculty-thumbnail":{"width":82,"height":55,"mime-type":"image\/jpeg","filesize":3135,"url":"https:\/\/appa.qc.ca\/cssdm\/wp-content\/uploads\/2025\/09\/Assemblee-generale-zoom-674x455-1-82x55.jpg"},"faculty-avatar":{"width":100,"height":68,"mime-type":"image\/jpeg","filesize":4156,"url":"https:\/\/appa.qc.ca\/cssdm\/wp-content\/uploads\/2025\/09\/Assemblee-generale-zoom-674x455-1-100x68.jpg"},"author-avatar":{"width":156,"height":105,"mime-type":"image\/jpeg","filesize":7691,"url":"https:\/\/appa.qc.ca\/cssdm\/wp-content\/uploads\/2025\/09\/Assemblee-generale-zoom-674x455-1-156x105.jpg"},"rpwe-thumbnail":{"width":45,"height":45,"mime-type":"image\/jpeg","filesize":1815,"url":"https:\/\/appa.qc.ca\/cssdm\/wp-content\/uploads\/2025\/09\/Assemblee-generale-zoom-674x455-1-45x45.jpg"}}},"all_day":false,"start_date":"2025-09-17 19:00:00","start_date_details":{"year":"2025","month":"09","day":"17","hour":"19","minutes":"00","seconds":"00"},"end_date":"2025-09-17 22:00:00","end_date_details":{"year":"2025","month":"09","day":"17","hour":"22","minutes":"00","seconds":"00"},"utc_start_date":"2025-09-17 22:00:00","utc_start_date_details":{"year":"2025","month":"09","day":"17","hour":"22","minutes":"00","seconds":"00"},"utc_end_date":"2025-09-18 01:00:00","utc_end_date_details":{"year":"2025","month":"09","day":"18","hour":"01","minutes":"00","seconds":"00"},"timezone":"UTC-4","timezone_abbr":"UTC-4","cost":"","cost_details":{"currency_symbol":"$","currency_code":"CAD","currency_position":"suffix","values":[]},"website":"","show_map":false,"show_map_link":false,"hide_from_listings":false,"sticky":true,"featured":false,"categories":[{"name":"Assembl\u00e9e g\u00e9n\u00e9rale","slug":"assemblee-generale","term_group":8,"term_taxonomy_id":482,"taxonomy":"tribe_events_cat","description":"","parent":0,"count":6,"filter":"raw","id":482,"urls":{"self":"https:\/\/appa.qc.ca\/cssdm\/wp-json\/tribe\/events\/v1\/categories\/482","collection":"https:\/\/appa.qc.ca\/cssdm\/wp-json\/tribe\/events\/v1\/categories"}}],"tags":[],"venue":{"id":8194,"author":"20","status":"publish","date":"2020-09-25 14:25:02","date_utc":"2020-09-25 18:25:02","modified":"2020-10-05 17:17:43","modified_utc":"2020-10-05 21:17:43","url":"https:\/\/appa.qc.ca\/cssdm\/lieu\/virtual-assembly\/","venue":"Assembl\u00e9e virtuel","slug":"virtual-assembly","json_ld":{"@type":"Place","name":"Assembl\u00e9e virtuel","description":"","url":"","address":{"@type":"PostalAddress"},"telephone":"","sameAs":""},"show_map":true,"show_map_link":true,"global_id":"appa.qc.ca\/cssdm?id=8194","global_id_lineage":["appa.qc.ca\/cssdm?id=8194"]},"organizer":[{"id":6871,"author":"20","status":"publish","date":"2014-06-24 21:50:41","date_utc":"2014-06-24 21:50:41","modified":"2021-11-12 10:54:14","modified_utc":"2021-11-12 14:54:14","url":"https:\/\/appa.qc.ca\/cssdm\/organisateur\/patrick\/","organizer":"APPA","slug":"patrick","phone":"514-254-3503","website":"www.appa.qc.ca","email":"appa@appa.qc.ca","json_ld":{"@type":"Person","name":"APPA","description":"","url":"http:\/\/www.appa.qc.ca","telephone":"514-254-3503","email":"ap&#112;&#97;&#64;ap&#112;&#97;&#46;qc&#46;ca","sameAs":"http:\/\/www.appa.qc.ca"},"global_id":"appa.qc.ca\/cssdm?id=6871","global_id_lineage":["appa.qc.ca\/cssdm?id=6871"]}],"custom_fields":[],"json_ld":{"@context":"http:\/\/schema.org","@type":"Event","name":"Assembl\u00e9e g\u00e9n\u00e9rale | Financi\u00e8re &#8211; 17 sep","description":"&lt;p&gt;L\u2019Assembl\u00e9e g\u00e9n\u00e9rale aura lieu le mercredi 17 septembre 2025 \u00e0 19 heures en visioconf\u00e9rence sur Zoom. Au cours de cette assembl\u00e9e, les r\u00e9alisations budg\u00e9taires 2024 seront pr\u00e9sent\u00e9es.&lt;\/p&gt;\\n","image":"https:\/\/appa.qc.ca\/cssdm\/wp-content\/uploads\/2025\/09\/Assemblee-generale-zoom-674x455-1.jpg","url":"https:\/\/appa.qc.ca\/cssdm\/evenement\/assemblee-generale-financiere-2025\/","eventAttendanceMode":"https:\/\/schema.org\/OfflineEventAttendanceMode","eventStatus":"https:\/\/schema.org\/EventScheduled","startDate":"2025-09-17T17:00:00-05:00","endDate":"2025-09-17T20:00:00-05:00","location":{"@type":"Place","name":"Assembl\u00e9e virtuel","description":"","url":"","address":{"@type":"PostalAddress"},"telephone":"","sameAs":""},"organizer":{"@type":"Person","name":"APPA","description":"","url":"http:\/\/www.appa.qc.ca","telephone":"514-254-3503","email":"appa&#64;a&#112;pa.&#113;&#99;&#46;&#99;&#97;","sameAs":"http:\/\/www.appa.qc.ca"},"performer":"Organization"}}