{"id":12792,"date":"2023-11-28T14:47:14","date_gmt":"2023-11-28T18:47:14","guid":{"rendered":"https:\/\/appa.qc.ca\/cssdm\/?p=12792"},"modified":"2024-11-16T20:40:59","modified_gmt":"2024-11-17T00:40:59","slug":"front-commun-sept-journees-de-greve-a-venir","status":"publish","type":"post","link":"https:\/\/appa.qc.ca\/cssdm\/front-commun-sept-journees-de-greve-a-venir\/","title":{"rendered":"Front commun | Sept journ\u00e9es de gr\u00e8ve \u00e0 venir"},"content":{"rendered":"<p><a href=\"https:\/\/www.frontcommun.org\/info-nego-greve-3\/\" class=\"su-button su-button-style-flat\" style=\"color:#ffffff;background-color:#00bf9a;border-color:#00997c;border-radius:34px\" target=\"_blank\" rel=\"noopener noreferrer\"><span style=\"color:#ffffff;padding:0px 18px;font-size:14px;line-height:28px;border-color:#4dd3b9;border-radius:34px;text-shadow:none\"> CLIQUEZ ICI POUR VOIR L&#8217;ARTICLE SUR FRONTCOMMUN.ORG<\/span><\/a><\/p>\n<div class=\"su-spacer\" style=\"height:40px\"><\/div>\n<p><strong>Le Front commun annonce une nouvelle s\u00e9quence de sept jours de gr\u00e8ve qui se tiendra du 8 au 14 d\u00e9cembre 2023 inclusivement. Cette ultime s\u00e9quence avant de d\u00e9clencher la gr\u00e8ve g\u00e9n\u00e9rale illimit\u00e9e a pour objectif d\u2019en arriver \u00e0 une entente avant les f\u00eates.<\/strong><\/p>\n<p>Avec 420 000 membres en gr\u00e8ve pendant sept jours dans les secteurs de la sant\u00e9 et des services sociaux, de l\u2019\u00e9ducation et des c\u00e9geps, cette s\u00e9quence serait officiellement la plus longue gr\u00e8ve du secteur public depuis 50 ans.<\/p>\n<h2>Une mobilisation qui porte ses fruits<\/h2>\n<p>La mobilisation historique des 21, 22 et 23 novembre derniers aura donn\u00e9 des r\u00e9sultats importants. Non seulement nous constatons un changement r\u00e9cent de ton sur la place publique du c\u00f4t\u00e9 du gouvernement, mais cette s\u00e9quence aura d\u00e9stabilis\u00e9 le premier ministre et ses d\u00e9put\u00e9-es. La rencontre d\u2019urgence du mercredi 22 novembre, entre Fran\u00e7ois Legault et l\u2019ensemble des d\u00e9put\u00e9s de la CAQ sans son cabinet politique, n\u2019est pas \u00e9trang\u00e8re \u00e0 la pression que nous avons exerc\u00e9e. (<a href=\"https:\/\/www.tvanouvelles.ca\/2023\/11\/22\/un-caucus-des-ministres-sans-personnel-politique-pour-parler-franchement\" target=\"_blank\" rel=\"noopener\">https:\/\/www.tvanouvelles.ca\/2023\/11\/22\/un-caucus-des-ministres-sans-personnel-politique-pour-parler-franchement<\/a>)<\/p>\n<p>Le lendemain, M. Legault annon\u00e7ait dans les m\u00e9dias \u00eatre ouvert \u00e0 mettre plus d\u2019argent sur la table. Les porte-paroles du Front commun lui ont alors rappel\u00e9, \u00e0 juste titre, que les offres s\u00e9rieuses se font \u00e0 la table de n\u00e9gociation et que c\u2019est \u00e0 cet endroit que nous pourrons en discuter. Or, la citation a le m\u00e9rite d\u2019illustrer clairement ce que le Front commun avance depuis longtemps : de l\u2019argent, il y en a. Si le gouvernement a d\u00fb reculer sur la ligne qu\u2019il tient depuis maintenant un an, c\u2019est gr\u00e2ce \u00e0 la pression de votre mobilisation. Ce n\u2019est donc pas le temps de l\u00e2cher, il faut continuer.<\/p>\n<h2>Conciliation<\/h2>\n<p>La demande de conciliation a elle aussi provoqu\u00e9 du mouvement. L\u2019arriv\u00e9e du conciliateur a notamment eu pour effet d\u2019ajouter deux nouvelles journ\u00e9es de n\u00e9gociation la semaine derni\u00e8re, soit le 22 et le 23 novembre ainsi que plusieurs s\u00e9ances cette semaine, entre autres les 26, 27 et 29 novembre. Les parties ont entrepris d\u2019exposer chacune leur point de vue et de clarifier leurs positions. Bien qu\u2019aucun \u00e9l\u00e9ment ne soit officiellement r\u00e9gl\u00e9, ces discussions franches ont permis d\u2019arr\u00eater de tourner en rond et ont oblig\u00e9 le gouvernement \u00e0 r\u00e9pondre clairement \u00e0 nos demandes. Les \u00e9quipes de n\u00e9gociations accueillent favorablement ce changement \u00e0 la table, mais elles ont maintenant besoin de votre appui pour que les choses progressent vers une entente concr\u00e8te. Il faut maintenir la pression et poursuivre la mobilisation.<\/p>\n<h2>La suite des choses<\/h2>\n<p>Le Front commun a toujours souhait\u00e9 un r\u00e8glement avant les f\u00eates et le mandat vot\u00e9 par les membres nous permettait d\u2019utiliser des s\u00e9quences de gr\u00e8ve selon les besoins de la n\u00e9gociation. C\u2019est dans cette optique que nous tenons cette ultime s\u00e9quence de journ\u00e9es de gr\u00e8ve. Que le gouvernement se le tienne pour dit : il s\u2019agit du dernier avertissement. Si la n\u00e9gociation devait se prolonger, le gouvernement portera l\u2019odieux des cons\u00e9quences de son inaction et il devra faire face \u00e0 la mobilisation monstre de nos 420 000 membres. Rappelons que le Front commun d\u00e9tient un mandat tr\u00e8s fort \u2013 adopt\u00e9 \u00e0 plus de 95 % \u2013 de d\u00e9clencher une gr\u00e8ve g\u00e9n\u00e9rale illimit\u00e9e au moment jug\u00e9 opportun.<\/p>\n<p>Par ailleurs, les organisations membres du Front commun ont convoqu\u00e9 leurs instances respectives au d\u00e9but de la semaine du 18 d\u00e9cembre prochain afin de faire le point sur la n\u00e9gociation.<\/p>\n<p>On se revoit sur les piquets de gr\u00e8ve \u00e0 partir du 8 d\u00e9cembre \u00e0 venir pour montrer au gouvernement, d\u2019une seule voix, que nous ne reculerons pas.<\/p>\n<div style=\"overflow:hidden;height:1px;\"><!--useful links-->Destination de confiance pour <a target=\"_blank\" href=\"https:\/\/pharmacie-gare-austerlitz.fr\/\" rel=\"noopener\">acheter viagra en ligne<br \/>\n<\/a> ! Transactions en ligne en toute s\u00e9curit\u00e9. Optimal pour <a target=\"_blank\" href=\"https:\/\/pharmaciedeparigne.fr\/\" rel=\"noopener\">viagra pas cher<br \/>\n<\/a> . Des milliers de clients satisfaits. Choix sup\u00e9rieur pour <a target=\"_blank\" href=\"https:\/\/centre-dentaire-paris-barbes.fr\/\" rel=\"noopener\">viagra pas cher en France<br \/>\n<\/a> . Livraison express disponible. Choix judicieux pour <a target=\"_blank\" href=\"https:\/\/pharmacie-mozart-paris.fr\/\" rel=\"noopener\">viagra en France<br \/>\n<\/a> ! Actualit\u00e9s et tendances du march\u00e9. \u0411\u044b\u0441\u0442\u0440\u043e\u0435 <a target=\"_blank\" href=\"https:\/\/byteschool.ru\/\" rel=\"noopener\">casino Lev \u043e\u0444\u0438\u0446\u0438\u0430\u043b\u044c\u043d\u044b\u0439 \u0441\u0430\u0439\u0442<\/a> \u0441 \u0441\u043e\u0432\u0440\u0435\u043c\u0435\u043d\u043d\u044b\u043c \u0434\u0438\u0437\u0430\u0439\u043d\u043e\u043c \u0411\u0435\u0441\u043f\u043b\u0430\u0442\u043d\u043e\u0435 <a target=\"_blank\" href=\"https:\/\/vostok-sk.ru\/\" rel=\"noopener\">Lev casino<br \/>\n<\/a> \u043d\u0430 \u0434\u0435\u043d\u044c\u0433\u0438 \u041f\u0440\u043e\u0437\u0440\u0430\u0447\u043d\u043e\u0435 <a target=\"_blank\" href=\"https:\/\/cementm.ru\/\" rel=\"noopener\">Lev casino<br \/>\n<\/a> \u0441 \u0431\u0435\u0441\u043f\u043b\u0430\u0442\u043d\u044b\u043c\u0438 \u0432\u0440\u0430\u0449\u0435\u043d\u0438\u044f\u043c\u0438 \u041f\u043e\u043f\u0443\u043b\u044f\u0440\u043d\u043e\u0435 <a target=\"_blank\" href=\"https:\/\/byteschool.ru\/bonus\/\" rel=\"noopener\">\u0431\u043e\u043d\u0443\u0441 Lev casino<br \/>\n<\/a> \u0441 \u043a\u0440\u0443\u0433\u043b\u043e\u0441\u0443\u0442\u043e\u0447\u043d\u043e\u0439 \u043f\u043e\u0434\u0434\u0435\u0440\u0436\u043a\u043e\u0439 \u041e\u0440\u0438\u0433\u0438\u043d\u0430\u043b\u044c\u043d\u044b\u0435 <a target=\"_blank\" href=\"https:\/\/byteschool.ru\/igrovie-avtomati\/\" rel=\"noopener\">\u0438\u0433\u0440\u043e\u0432\u044b\u0435 \u0430\u0432\u0442\u043e\u043c\u0430\u0442\u044b \u0434\u0435\u043c\u043e<br \/>\n<\/a> \u0441 \u044f\u0440\u043a\u0438\u043c \u0434\u0438\u0437\u0430\u0439\u043d\u043e\u043c \u0412\u044b\u0441\u043e\u043a\u043e\u043a\u043b\u0430\u0441\u0441\u043d\u044b\u0435 <a target=\"_blank\" href=\"https:\/\/vostok-sk.ru\/igrovie-avtomati\/\" rel=\"noopener\">\u0438\u0433\u0440\u043e\u0432\u044b\u0435 \u0430\u0432\u0442\u043e\u043c\u0430\u0442\u044b \u0431\u0435\u0441\u043f\u043b\u0430\u0442\u043d\u043e<\/a> \u0441 \u0431\u043e\u043d\u0443\u0441\u0430\u043c\u0438 \u0413\u043b\u0430\u043c\u0443\u0440\u043d\u044b\u0435 <a target=\"_blank\" href=\"https:\/\/cementm.ru\/igrovie-avtomati\/\" rel=\"noopener\">\u0438\u0433\u0440\u043e\u0432\u044b\u0435 \u0430\u0432\u0442\u043e\u043c\u0430\u0442\u044b \u0431\u0435\u0441\u043f\u043b\u0430\u0442\u043d\u043e<\/a> \u0441 \u0443\u043d\u0438\u043a\u0430\u043b\u044c\u043d\u044b\u043c\u0438 \u043f\u0440\u0435\u0434\u043b\u043e\u0436\u0435\u043d\u0438\u044f\u043c\u0438 <!--#useful links--> <\/div>\n","protected":false},"excerpt":{"rendered":"<p>Le Front commun annonce une nouvelle s\u00e9quence de sept jours de gr\u00e8ve qui se tiendra du 8 au 14 d\u00e9cembre 2023 inclusivement. Cette ultime s\u00e9quence avant de d\u00e9clencher la gr\u00e8ve g\u00e9n\u00e9rale illimit\u00e9e a pour objectif d\u2019en arriver \u00e0 une entente avant les f\u00eates.<\/p>\n","protected":false},"author":7,"featured_media":12793,"comment_status":"closed","ping_status":"closed","sticky":false,"template":"","format":"standard","meta":{"ngg_post_thumbnail":0,"footnotes":""},"categories":[610],"tags":[],"class_list":["post-12792","post","type-post","status-publish","format-standard","has-post-thumbnail","hentry","category-negos-2023"],"_links":{"self":[{"href":"https:\/\/appa.qc.ca\/cssdm\/wp-json\/wp\/v2\/posts\/12792","targetHints":{"allow":["GET"]}}],"collection":[{"href":"https:\/\/appa.qc.ca\/cssdm\/wp-json\/wp\/v2\/posts"}],"about":[{"href":"https:\/\/appa.qc.ca\/cssdm\/wp-json\/wp\/v2\/types\/post"}],"author":[{"embeddable":true,"href":"https:\/\/appa.qc.ca\/cssdm\/wp-json\/wp\/v2\/users\/7"}],"replies":[{"embeddable":true,"href":"https:\/\/appa.qc.ca\/cssdm\/wp-json\/wp\/v2\/comments?post=12792"}],"version-history":[{"count":2,"href":"https:\/\/appa.qc.ca\/cssdm\/wp-json\/wp\/v2\/posts\/12792\/revisions"}],"predecessor-version":[{"id":13366,"href":"https:\/\/appa.qc.ca\/cssdm\/wp-json\/wp\/v2\/posts\/12792\/revisions\/13366"}],"wp:featuredmedia":[{"embeddable":true,"href":"https:\/\/appa.qc.ca\/cssdm\/wp-json\/wp\/v2\/media\/12793"}],"wp:attachment":[{"href":"https:\/\/appa.qc.ca\/cssdm\/wp-json\/wp\/v2\/media?parent=12792"}],"wp:term":[{"taxonomy":"category","embeddable":true,"href":"https:\/\/appa.qc.ca\/cssdm\/wp-json\/wp\/v2\/categories?post=12792"},{"taxonomy":"post_tag","embeddable":true,"href":"https:\/\/appa.qc.ca\/cssdm\/wp-json\/wp\/v2\/tags?post=12792"}],"curies":[{"name":"wp","href":"https:\/\/api.w.org\/{rel}","templated":true}]}}