{"id":14952,"date":"2026-04-28T14:40:02","date_gmt":"2026-04-28T19:40:02","guid":{"rendered":"https:\/\/appa.qc.ca\/cssdm\/?p=14952"},"modified":"2026-04-28T14:40:02","modified_gmt":"2026-04-28T19:40:02","slug":"activite-familiale-dans-le-cadre-des-festivites-du-65e-anniversaire-de-lappa","status":"publish","type":"post","link":"https:\/\/appa.qc.ca\/cssdm\/activite-familiale-dans-le-cadre-des-festivites-du-65e-anniversaire-de-lappa\/","title":{"rendered":"Activit\u00e9 familiale dans le cadre des festivit\u00e9s du 65e anniversaire de l&rsquo;APPA"},"content":{"rendered":"<h3>Dans le cadre des festivit\u00e9s entourant les 65 ans de notre syndicat, le Comit\u00e9 du 65e anniversaire de l&rsquo;APPA souhaite organiser une journ\u00e9e familiale dans la cour arri\u00e8re de notre \u00e9difice syndical. Des jeux gonflables, des jeux g\u00e9ants, des animations et des ateliers cr\u00e9atifs seront pr\u00e9sents et un repas estival sera fourni (hot-dogs et burgers) !<\/h3>\n<h3>La mise en \u0153uvre d&rsquo;une telle journ\u00e9e demande beaucoup de pr\u00e9paratifs et d&rsquo;\u00e9nergie de la part du comit\u00e9 organisateur. Afin de connaitre l&rsquo;int\u00e9r\u00eat r\u00e9el des membres \u00e0 participer \u00e0 une telle activit\u00e9, nous vous invitons \u00e0 r\u00e9pondre au sondage suivant. Vous aurez jusqu&rsquo;au 7 mai prochain pour y r\u00e9pondre. \u00c0 la lumi\u00e8re des r\u00e9sultats obtenus, le comit\u00e9 organisateur pourra prendre une d\u00e9cision \u00e9clair\u00e9e afin de mettre en chantier une telle journ\u00e9e ou de mettre ses \u00e9nergies sur un autre volet des 65 ans de l&rsquo;APPA.<\/h3>\n<a href=\"https:\/\/forms.cloud.microsoft\/r\/ZnGjqWz96P?origin=lprLink\" class=\"su-button su-button-style-bubbles\" style=\"color:#ffffff;background-color:#1e6dff;border-color:#1858cc;border-radius:5px\" target=\"_blank\" rel=\"noopener noreferrer\"><span style=\"color:#ffffff;padding:8px 26px;font-size:20px;line-height:30px;border-color:#6299ff;border-radius:5px;text-shadow:none\"><i class=\"sui sui-star\" style=\"font-size:20px;color:#FFFFFF\"><\/i> Cliquez ici pour r\u00e9pondre au sondage !<\/span><\/a>\n","protected":false},"excerpt":{"rendered":"<p>Dans le cadre des festivit\u00e9s entourant les 65 ans de notre syndicat, le Comit\u00e9 du 65e anniversaire de l&rsquo;APPA souhaite organiser une journ\u00e9e familiale dans la cour arri\u00e8re de notre [&hellip;]<\/p>\n","protected":false},"author":5,"featured_media":14942,"comment_status":"closed","ping_status":"closed","sticky":false,"template":"","format":"standard","meta":{"ngg_post_thumbnail":0,"footnotes":""},"categories":[715,504],"tags":[],"class_list":["post-14952","post","type-post","status-publish","format-standard","has-post-thumbnail","hentry","category-65-ans-de-lappa","category-vie-syndicale"],"_links":{"self":[{"href":"https:\/\/appa.qc.ca\/cssdm\/wp-json\/wp\/v2\/posts\/14952","targetHints":{"allow":["GET"]}}],"collection":[{"href":"https:\/\/appa.qc.ca\/cssdm\/wp-json\/wp\/v2\/posts"}],"about":[{"href":"https:\/\/appa.qc.ca\/cssdm\/wp-json\/wp\/v2\/types\/post"}],"author":[{"embeddable":true,"href":"https:\/\/appa.qc.ca\/cssdm\/wp-json\/wp\/v2\/users\/5"}],"replies":[{"embeddable":true,"href":"https:\/\/appa.qc.ca\/cssdm\/wp-json\/wp\/v2\/comments?post=14952"}],"version-history":[{"count":1,"href":"https:\/\/appa.qc.ca\/cssdm\/wp-json\/wp\/v2\/posts\/14952\/revisions"}],"predecessor-version":[{"id":14953,"href":"https:\/\/appa.qc.ca\/cssdm\/wp-json\/wp\/v2\/posts\/14952\/revisions\/14953"}],"wp:featuredmedia":[{"embeddable":true,"href":"https:\/\/appa.qc.ca\/cssdm\/wp-json\/wp\/v2\/media\/14942"}],"wp:attachment":[{"href":"https:\/\/appa.qc.ca\/cssdm\/wp-json\/wp\/v2\/media?parent=14952"}],"wp:term":[{"taxonomy":"category","embeddable":true,"href":"https:\/\/appa.qc.ca\/cssdm\/wp-json\/wp\/v2\/categories?post=14952"},{"taxonomy":"post_tag","embeddable":true,"href":"https:\/\/appa.qc.ca\/cssdm\/wp-json\/wp\/v2\/tags?post=14952"}],"curies":[{"name":"wp","href":"https:\/\/api.w.org\/{rel}","templated":true}]}}