{"id":2399,"date":"2016-05-17T15:44:47","date_gmt":"2016-05-17T19:44:47","guid":{"rendered":"http:\/\/appa.qc.ca\/csdm\/?p=2399"},"modified":"2021-07-09T09:55:00","modified_gmt":"2021-07-09T13:55:00","slug":"les-services-de-garde-en-milieu-scolaire","status":"publish","type":"post","link":"https:\/\/appa.qc.ca\/cssdm\/les-services-de-garde-en-milieu-scolaire\/","title":{"rendered":"Les services de garde en milieu scolaire"},"content":{"rendered":"<p><em>Article publi\u00e9 sur le site de la CSN le 16 mai 2016.<\/em><\/p>\n<blockquote><p>Alors que s&rsquo;ouvre la semaine des services de garde en milieu scolaire, la CSN reconna\u00eet le r\u00f4le essentiel jou\u00e9 par ces salari\u00e9-es dans l\u2019\u00e9ducation des enfants.<\/p><\/blockquote>\n<p style=\"text-align: justify;\">Encore cette ann\u00e9e, la CSN se joint \u00e0 plusieurs partenaires afin de souligner la Semaine des services de garde en milieu scolaire et ainsi reconna\u00eetre le r\u00f4le essentiel jou\u00e9 par ces travailleuses et ces travailleurs dans l\u2019\u00e9ducation des enfants. C\u2019est d\u2019ailleurs sur le th\u00e8me Un alli\u00e9 \u00e0 la r\u00e9ussite que se tiendra cette semaine.<\/p>\n<p style=\"text-align: justify;\">La derni\u00e8re ann\u00e9e a \u00e9t\u00e9 particuli\u00e8rement difficile pour les services de garde en milieu scolaire, qui n\u2019ont pas \u00e9chapp\u00e9 aux mesures d\u2019aust\u00e9rit\u00e9 du gouvernement. Au cours de cette derni\u00e8re ann\u00e9e, les parents ont vu leur contribution augmenter de plus de 10 % lors des journ\u00e9es r\u00e9guli\u00e8res et encore davantage lors des journ\u00e9es p\u00e9dagogiques et de la semaine de rel\u00e2che.<\/p>\n<p style=\"text-align: justify;\">En plus, le r\u00e9seau subit des compressions constantes depuis plusieurs ann\u00e9es et ce d\u2019une ampleur plus importante que les hausses de la contribution parentale. Ces diminutions de financement risquent d\u2019avoir des impacts sur la qualit\u00e9 des services offerts aux \u00e9l\u00e8ves alors que le temps allou\u00e9 \u00e0 la pr\u00e9paration des activit\u00e9s est r\u00e9duit, tout comme le renouvellement de mat\u00e9riel en cours d\u2019ann\u00e9e. \u00ab Les impacts de ces coupes sont importantes, que ce soit pour les jeunes, ou pour les salari\u00e9-es qui se sentent de moins en moins valoris\u00e9s au travers de ces mesures. Comment maintenir la qualit\u00e9 des services dans de telles conditions ? \u00bb d\u00e9nonce Sylvie Tremblay, tr\u00e9sori\u00e8re de la FEESP-CSN. Par ailleurs, les hausses de tarif ont pour effet de faire diminuer la fr\u00e9quentation, principalement lors des journ\u00e9es p\u00e9dagogiques o\u00f9 l\u2019on enregistre une baisse de fr\u00e9quentation de 20 % en 2015-2016.<\/p>\n<p style=\"text-align: justify;\">Rappelons que la CSN recommande depuis longtemps que le gouvernement reconnaisse les services de garde \u00e0 titre de services compl\u00e9mentaires au r\u00e9gime p\u00e9dagogique. \u00ab Ceci assurerait non seulement la gratuit\u00e9 au m\u00eame titre que les autres services \u00e9ducatifs offerts aux \u00e9l\u00e8ves, mais favoriserait aussi une meilleure int\u00e9gration des services de garde au projet de l\u2019\u00e9cole \u00bb, mentionne V\u00e9ronique De S\u00e8ve, vice-pr\u00e9sidente de la CSN.<\/p>\n<p style=\"text-align: justify;\">La CSN d\u00e9sire \u00e9galement profiter de cette semaine pour mettre de l\u2019avant la campagne Un r\u00e9seau qui fait grandir, initi\u00e9e \u00e0 la fin f\u00e9vrier dans l\u2019ensemble des r\u00e9seaux de services de garde, en centres de la petite enfance, dans le milieu familial r\u00e9gi et en milieu scolaire. \u00ab Nos membres vont multiplier les efforts pour faire signer les cartes postales qui seront par la suite envoy\u00e9es au premier ministre Philippe Couillard. Il faut que celui-ci prenne conscience que nous sommes en train d\u2019hypoth\u00e9quer une g\u00e9n\u00e9ration d\u2019enfants pour des questions comptables \u00bb, lance Danielle Beaulieu, pr\u00e9sidente du secteur scolaire de la FEESP-CSN. \u00ab Le gouvernement doit r\u00e9tablir la situation et vite. Le gouvernement doit reconna\u00eetre la port\u00e9e \u00e9ducative des services de garde de qualit\u00e9 qui sont offerts en milieu scolaire, dans les CPE et par les responsable d\u2019un service de garde en milieu familial reconnu \u00bb, conclut V\u00e9ronique De S\u00e8ve.<\/p>\n<p style=\"text-align: justify;\">\u00c0 propos<br \/>\nFond\u00e9e en 1947 sous le nom de F\u00e9d\u00e9ration des employ\u00e9s municipaux, la F\u00e9d\u00e9ration des employ\u00e9es et employ\u00e9s de services publics compte plus de 400 syndicats affili\u00e9s repr\u00e9sentant environ 58 000 membres \u0153uvrant dans le domaine des services publics et parapublics.<\/p>\n<p style=\"text-align: justify;\">Fond\u00e9e en 1921, la CSN est une organisation syndicale qui \u0153uvre pour une soci\u00e9t\u00e9 solidaire, d\u00e9mocratique, juste, \u00e9quitable et durable. \u00c0 ce titre, elle s\u2019engage dans plusieurs d\u00e9bats qui int\u00e9ressent la soci\u00e9t\u00e9 qu\u00e9b\u00e9coise. Elle est compos\u00e9e de pr\u00e8s de 2000 syndicats. Elle regroupe plus de 325 000 travailleuses et travailleurs r\u00e9unis sur une base sectorielle ou professionnelle dans huit f\u00e9d\u00e9rations, ainsi que sur une base r\u00e9gionale dans treize conseils centraux, principalement sur le territoire du Qu\u00e9bec.<\/p>\n<p style=\"text-align: justify;\"><em>Vous pouvez lire l&rsquo;article original en cliquant\u00a0<a href=\"https:\/\/www.csn.qc.ca\/actualites\/une-semaine-pour-reconnaitre-un-travail-inestimable-estime-la-csn\/\">ICI<\/a>.<\/em><\/p>\n","protected":false},"excerpt":{"rendered":"<p>Article publi\u00e9 sur le site de la CSN le 16 mai 2016. Alors que s&rsquo;ouvre la semaine des services de garde en milieu scolaire, la CSN reconna\u00eet le r\u00f4le essentiel [&hellip;]<\/p>\n","protected":false},"author":4,"featured_media":0,"comment_status":"closed","ping_status":"closed","sticky":false,"template":"","format":"standard","meta":{"ngg_post_thumbnail":0,"footnotes":""},"categories":[586],"tags":[],"class_list":["post-2399","post","type-post","status-publish","format-standard","hentry","category-services-de-garde"],"_links":{"self":[{"href":"https:\/\/appa.qc.ca\/cssdm\/wp-json\/wp\/v2\/posts\/2399","targetHints":{"allow":["GET"]}}],"collection":[{"href":"https:\/\/appa.qc.ca\/cssdm\/wp-json\/wp\/v2\/posts"}],"about":[{"href":"https:\/\/appa.qc.ca\/cssdm\/wp-json\/wp\/v2\/types\/post"}],"author":[{"embeddable":true,"href":"https:\/\/appa.qc.ca\/cssdm\/wp-json\/wp\/v2\/users\/4"}],"replies":[{"embeddable":true,"href":"https:\/\/appa.qc.ca\/cssdm\/wp-json\/wp\/v2\/comments?post=2399"}],"version-history":[{"count":6,"href":"https:\/\/appa.qc.ca\/cssdm\/wp-json\/wp\/v2\/posts\/2399\/revisions"}],"predecessor-version":[{"id":13690,"href":"https:\/\/appa.qc.ca\/cssdm\/wp-json\/wp\/v2\/posts\/2399\/revisions\/13690"}],"wp:attachment":[{"href":"https:\/\/appa.qc.ca\/cssdm\/wp-json\/wp\/v2\/media?parent=2399"}],"wp:term":[{"taxonomy":"category","embeddable":true,"href":"https:\/\/appa.qc.ca\/cssdm\/wp-json\/wp\/v2\/categories?post=2399"},{"taxonomy":"post_tag","embeddable":true,"href":"https:\/\/appa.qc.ca\/cssdm\/wp-json\/wp\/v2\/tags?post=2399"}],"curies":[{"name":"wp","href":"https:\/\/api.w.org\/{rel}","templated":true}]}}