{"id":240,"date":"2016-04-28T14:19:22","date_gmt":"2016-04-28T18:19:22","guid":{"rendered":"http:\/\/appa.qc.ca\/csdm\/?p=240"},"modified":"2021-07-09T09:55:26","modified_gmt":"2021-07-09T13:55:26","slug":"manifestation-a-la-defense-des-services-de-garde-en-milieu-scolaire","status":"publish","type":"post","link":"https:\/\/appa.qc.ca\/cssdm\/manifestation-a-la-defense-des-services-de-garde-en-milieu-scolaire\/","title":{"rendered":"Manifestation \u00e0 la d\u00e9fense des services de garde en milieu scolaire"},"content":{"rendered":"<p>Nous vous invitons \u00e0 participer \u00e0 la marche du 1er mai qui souligne la f\u00eate des travailleuses et des travailleurs.<\/p>\n<p>Se joindra \u00e0 cette manifestation un contingent pour la d\u00e9fense de nos services de garde \u00e9ducatifs en milieu scolaire.<\/p>\n<p>Tous les membres de l&rsquo;APPA sont convi\u00e9s \u00e0 manifester conjointement pour d\u00e9noncer les coupures pr\u00e9vues par la commission scolaire au prochain plan d&rsquo;effectifs<\/p>\n<p>La manifestation aura lieu, le dimanche 1er mai, \u00e0 compter de 11 heures, au parc La Fontaine.<\/p>\n<p>Nous vous attendons en grand nombre!<\/p>\n<p>Pour tous les d\u00e9tails, cliquez sur \u00ab\u00a0En savoir plus ci-dessous\u00a0\u00bb.<\/p>\n<p><a href=\"http:\/\/www.appa.qc.ca\/pdf\/fra\/tract_1er_mai_2016.pdf\"><img loading=\"lazy\" decoding=\"async\" class=\"alignnone size-full wp-image-25 alignright\" src=\"http:\/\/appa.qc.ca\/csdm\/wp-content\/uploads\/2016\/03\/bout_savoir.gif\" alt=\"bout_savoir\" width=\"184\" height=\"36\" \/><\/a><\/p>\n","protected":false},"excerpt":{"rendered":"<p>Nous vous invitons \u00e0 participer \u00e0 la marche du 1er mai qui souligne la f\u00eate des travailleuses et des travailleurs. Se joindra \u00e0 cette manifestation un contingent pour la d\u00e9fense [&hellip;]<\/p>\n","protected":false},"author":4,"featured_media":0,"comment_status":"closed","ping_status":"closed","sticky":false,"template":"","format":"standard","meta":{"ngg_post_thumbnail":0,"footnotes":""},"categories":[586],"tags":[],"class_list":["post-240","post","type-post","status-publish","format-standard","hentry","category-services-de-garde"],"_links":{"self":[{"href":"https:\/\/appa.qc.ca\/cssdm\/wp-json\/wp\/v2\/posts\/240","targetHints":{"allow":["GET"]}}],"collection":[{"href":"https:\/\/appa.qc.ca\/cssdm\/wp-json\/wp\/v2\/posts"}],"about":[{"href":"https:\/\/appa.qc.ca\/cssdm\/wp-json\/wp\/v2\/types\/post"}],"author":[{"embeddable":true,"href":"https:\/\/appa.qc.ca\/cssdm\/wp-json\/wp\/v2\/users\/4"}],"replies":[{"embeddable":true,"href":"https:\/\/appa.qc.ca\/cssdm\/wp-json\/wp\/v2\/comments?post=240"}],"version-history":[{"count":1,"href":"https:\/\/appa.qc.ca\/cssdm\/wp-json\/wp\/v2\/posts\/240\/revisions"}],"predecessor-version":[{"id":242,"href":"https:\/\/appa.qc.ca\/cssdm\/wp-json\/wp\/v2\/posts\/240\/revisions\/242"}],"wp:attachment":[{"href":"https:\/\/appa.qc.ca\/cssdm\/wp-json\/wp\/v2\/media?parent=240"}],"wp:term":[{"taxonomy":"category","embeddable":true,"href":"https:\/\/appa.qc.ca\/cssdm\/wp-json\/wp\/v2\/categories?post=240"},{"taxonomy":"post_tag","embeddable":true,"href":"https:\/\/appa.qc.ca\/cssdm\/wp-json\/wp\/v2\/tags?post=240"}],"curies":[{"name":"wp","href":"https:\/\/api.w.org\/{rel}","templated":true}]}}