{"id":3278,"date":"2017-10-05T10:49:26","date_gmt":"2017-10-05T14:49:26","guid":{"rendered":"http:\/\/appa.qc.ca\/csdm\/?p=3278"},"modified":"2021-07-09T09:11:29","modified_gmt":"2021-07-09T13:11:29","slug":"la-commissaire-scolaire-emilie-auclair-quittera-son-poste","status":"publish","type":"post","link":"https:\/\/appa.qc.ca\/cssdm\/la-commissaire-scolaire-emilie-auclair-quittera-son-poste\/","title":{"rendered":"La commissaire scolaire \u00c9milie Auclair quittera son poste"},"content":{"rendered":"<p style=\"text-align: justify;\">La commissaire de la Commission scolaire de Montr\u00e9al (CSDM) \u00c9milie Auclair quittera son poste et son d\u00e9part deviendra effectif \u00e0 compter du 6 novembre 2017.<\/p>\n<p style=\"text-align: justify;\">Pour \u00eatre commissaire scolaire, les r\u00e8gles stipulent que le candidat doit habiter sur le territoire de ladite commission scolaire.<\/p>\n<p style=\"text-align: justify;\">\u00c0 la suite de changements personnels dans la vie de Mme Auclair, celle-ci ne sera plus en mesure de respecter cette r\u00e8gle.<\/p>\n<p style=\"text-align: justify;\">Apr\u00e8s trois ans en poste, l\u2019\u00e9lue quitte ses fonctions avec le sentiment du devoir accompli.<\/p>\n<p style=\"text-align: justify;\">\u00abJ\u2019aimais beaucoup mon r\u00f4le de commissaire scolaire m\u00eame si \u00e7a n\u2019a pas toujours \u00e9t\u00e9 facile. Plusieurs dossiers, dont je suis satisfaite, ont \u00e9t\u00e9 men\u00e9s au cours de mon mandat.\u00bb<\/p>\n<p style=\"text-align: justify;\">La commissaire scolaire fait r\u00e9f\u00e9rence au \u00abprojet-pilote Saint-Hubert\u00bb \u2013 qui offre des formations en entreprise aux parents sur divers sujets li\u00e9s \u00e0 l\u2019accompagnement scolaire de son enfant \u2013, aux d\u00e9marches entreprises pour l\u2019implantation d\u2019une \u00e9cole alternative dans Mercier-Est, au changement de r\u00e9glementation qui permet aux policiers d\u2019intervenir dans les cours d\u2019\u00e9cole en dehors des heures scolaires et tous les projets d\u2019agrandissement dans les \u00e9coles du quartier.<\/p>\n<p style=\"text-align: justify;\">C\u2019est avec un certain pincement au c\u0153ur qu\u2019elle quittera ses fonctions.<\/p>\n<p style=\"text-align: justify;\">\u00c0 court terme, les \u00e9lecteurs ne seront pas appel\u00e9s aux urnes pour autant.<\/p>\n<p style=\"text-align: justify;\">L\u2019article 199 de la Loi sur les \u00e9lections scolaires pr\u00e9cise que \u00ablorsqu\u2019il reste entre 12 et quatre mois \u00e0 \u00e9couler avant le jour fix\u00e9 pour le scrutin de la prochaine \u00e9lection g\u00e9n\u00e9rale et que le poste d\u2019un commissaire devient vacant, le conseil des commissaires comblera ce poste dans les 30 jours de la fin du mandat, apr\u00e8s consultation du comit\u00e9 de parents.\u00bb<\/p>\n<p style=\"text-align: justify;\">Les prochaines \u00e9lections scolaires sont normalement pr\u00e9vues le 4 novembre 2018, \u00e0 moins que le gouvernement lib\u00e9ral ne les reporte \u00e0 cause de son propre scrutin qui aura lieu le 1er octobre 2018.<\/p>\n<p><em><span style=\"color: #ff0000;\"><strong>Pour voir l&rsquo;article original, cliquez sur le lien ci-dessous:<\/strong><\/span><br \/>\n<a href=\"http:\/\/journalmetro.com\/local\/mercier-anjou\/actualites\/1207571\/la-commissaire-scolaire-emilie-auclair-quittera-son-poste\/#\"><span style=\"color: #ff0000;\"><strong> http:\/\/journalmetro.com\/local\/mercier-anjou\/actualites\/1207571\/la-commissaire-scolaire-emilie-auclair-quittera-son-poste\/#<\/strong><\/span><\/a><br \/>\n<\/em><\/p>\n","protected":false},"excerpt":{"rendered":"<p>La commissaire de la Commission scolaire de Montr\u00e9al (CSDM) \u00c9milie Auclair quittera son poste et son d\u00e9part deviendra effectif \u00e0 compter du 6 novembre 2017. Pour \u00eatre commissaire scolaire, les [&hellip;]<\/p>\n","protected":false},"author":20,"featured_media":3279,"comment_status":"closed","ping_status":"closed","sticky":false,"template":"","format":"standard","meta":{"ngg_post_thumbnail":0,"footnotes":""},"categories":[596],"tags":[],"class_list":["post-3278","post","type-post","status-publish","format-standard","has-post-thumbnail","hentry","category-relations-de-travail"],"_links":{"self":[{"href":"https:\/\/appa.qc.ca\/cssdm\/wp-json\/wp\/v2\/posts\/3278","targetHints":{"allow":["GET"]}}],"collection":[{"href":"https:\/\/appa.qc.ca\/cssdm\/wp-json\/wp\/v2\/posts"}],"about":[{"href":"https:\/\/appa.qc.ca\/cssdm\/wp-json\/wp\/v2\/types\/post"}],"author":[{"embeddable":true,"href":"https:\/\/appa.qc.ca\/cssdm\/wp-json\/wp\/v2\/users\/20"}],"replies":[{"embeddable":true,"href":"https:\/\/appa.qc.ca\/cssdm\/wp-json\/wp\/v2\/comments?post=3278"}],"version-history":[{"count":3,"href":"https:\/\/appa.qc.ca\/cssdm\/wp-json\/wp\/v2\/posts\/3278\/revisions"}],"predecessor-version":[{"id":3282,"href":"https:\/\/appa.qc.ca\/cssdm\/wp-json\/wp\/v2\/posts\/3278\/revisions\/3282"}],"wp:featuredmedia":[{"embeddable":true,"href":"https:\/\/appa.qc.ca\/cssdm\/wp-json\/wp\/v2\/media\/3279"}],"wp:attachment":[{"href":"https:\/\/appa.qc.ca\/cssdm\/wp-json\/wp\/v2\/media?parent=3278"}],"wp:term":[{"taxonomy":"category","embeddable":true,"href":"https:\/\/appa.qc.ca\/cssdm\/wp-json\/wp\/v2\/categories?post=3278"},{"taxonomy":"post_tag","embeddable":true,"href":"https:\/\/appa.qc.ca\/cssdm\/wp-json\/wp\/v2\/tags?post=3278"}],"curies":[{"name":"wp","href":"https:\/\/api.w.org\/{rel}","templated":true}]}}