{"id":3357,"date":"2018-02-14T14:50:07","date_gmt":"2018-02-14T18:50:07","guid":{"rendered":"http:\/\/appa.qc.ca\/csdm\/?p=3357"},"modified":"2023-06-21T13:25:28","modified_gmt":"2023-06-21T17:25:28","slug":"rregop-important-possibilite-de-racheter-des-periodes-de-mise-a-pied-cyclique","status":"publish","type":"post","link":"https:\/\/appa.qc.ca\/cssdm\/rregop-important-possibilite-de-racheter-des-periodes-de-mise-a-pied-cyclique\/","title":{"rendered":"RREGOP &#8211; Important! Possibilit\u00e9 de racheter des p\u00e9riodes de mise \u00e0 pied cyclique!"},"content":{"rendered":"<p style=\"text-align: justify;\">Retraite Qu\u00e9bec, anciennement la CARRA, a \u00e9t\u00e9 en Cour d\u2019appel pour contester une d\u00e9cision arbitrale qui permettait qu\u2019une personne ayant eu des mises \u00e0 pied cyclique puisse faire le rachat de ces p\u00e9riodes au RREGOP. Une mesure transitoire est pr\u00e9sentement en place et qui devrait prendre fin vers la fin du mois de f\u00e9vrier 2018.<\/p>\n<p style=\"text-align: justify;\">Si vous d\u00e9sirez vous pr\u00e9valoir de cette mesure transitoire, vous devez savoir que le co\u00fbt de ce type de rachat n\u2019est pas gratuit. Plusieurs facteurs seront pris en consid\u00e9rations pour d\u00e9terminer la tarification des p\u00e9riodes de rachat par exemple l\u2019\u00e2ge que vous avez pr\u00e9sentement ainsi que votre salaire d\u2019aujourd\u2019hui et non celui de la p\u00e9riode que vous d\u00e9sirez racheter. En terme simple, plus vous avancez en \u00e2ge et plus la p\u00e9riode de rachat est ancienne, plus le rachat co\u00fbtera cher.<\/p>\n<p style=\"text-align: justify;\">Avant de proc\u00e9der \u00e0 la demande de rachat de service aupr\u00e8s de l\u2019employeur, nous vous demandons d\u2019utiliser l\u2019outil de calcul pour d\u00e9terminer le co\u00fbt des p\u00e9riodes que vous d\u00e9sirez racheter et ainsi savoir si vous avez les moyens de financer le ou les rachats de service demand\u00e9s. Vous pouvez racheter en partie ou en totalit\u00e9 vos p\u00e9riodes de rachat et ce en argent ou avec des REER.<\/p>\n<p style=\"text-align: justify;\">Vous trouverez l\u2019outil de calcul \u00e0 l\u2019adresse suivante :<br \/>\n<a href=\"https:\/\/www.carra.gouv.qc.ca\/fra\/calculette\/Accueil.htm\">https:\/\/www.carra.gouv.qc.ca\/fra\/calculette\/Accueil.htm<\/a><\/p>\n<p style=\"text-align: justify;\">Pour qu\u2019une demande de rachat de service soit compl\u00e8te aupr\u00e8s de Retraite Qu\u00e9bec, il faut transmettre \u00e0 cette derni\u00e8re le formulaire 727 (employ\u00e9) et le formulaire 728 (employeur). Vu la courte p\u00e9riode restante de la mesure transitoire, veuillez remplir le formulaire 727 et le transmettre le plus rapidement au secteur des r\u00e9gimes de retraite de la CSDM et simultan\u00e9ment une copie \u00e0 Retraite Qu\u00e9bec m\u00eame si vous n\u2019avez pas le formulaire de l\u2019employeur.<\/p>\n<p style=\"text-align: justify;\">Vous trouverez le formulaire 727 \u00e0 l\u2019adresse suivante :<br \/>\n<a href=\"https:\/\/www.carra.gouv.qc.ca\/fra\/formulaire\/formulaires_rachat.htm\">https:\/\/www.carra.gouv.qc.ca\/fra\/formulaire\/formulaires_rachat.htm<\/a><\/p>\n<p style=\"text-align: justify;\">Vous trouverez la grille de tarification \u00e0 l\u2019adresse suivante :<br \/>\n<a href=\"https:\/\/www.carra.gouv.qc.ca\/fra\/publications\/grilles_tarification_rachats\/grille_02.htm\">https:\/\/www.carra.gouv.qc.ca\/fra\/publications\/grilles_tarification_rachats\/grille_02.htm<\/a><\/p>\n","protected":false},"excerpt":{"rendered":"<p>Retraite Qu\u00e9bec, anciennement la CARRA, a \u00e9t\u00e9 en Cour d\u2019appel pour contester une d\u00e9cision arbitrale qui permettait qu\u2019une personne ayant eu des mises \u00e0 pied cyclique puisse faire le rachat [&hellip;]<\/p>\n","protected":false},"author":13,"featured_media":3358,"comment_status":"closed","ping_status":"closed","sticky":false,"template":"","format":"standard","meta":{"ngg_post_thumbnail":0,"footnotes":""},"categories":[584],"tags":[],"class_list":["post-3357","post","type-post","status-publish","format-standard","has-post-thumbnail","hentry","category-retraite"],"_links":{"self":[{"href":"https:\/\/appa.qc.ca\/cssdm\/wp-json\/wp\/v2\/posts\/3357","targetHints":{"allow":["GET"]}}],"collection":[{"href":"https:\/\/appa.qc.ca\/cssdm\/wp-json\/wp\/v2\/posts"}],"about":[{"href":"https:\/\/appa.qc.ca\/cssdm\/wp-json\/wp\/v2\/types\/post"}],"author":[{"embeddable":true,"href":"https:\/\/appa.qc.ca\/cssdm\/wp-json\/wp\/v2\/users\/13"}],"replies":[{"embeddable":true,"href":"https:\/\/appa.qc.ca\/cssdm\/wp-json\/wp\/v2\/comments?post=3357"}],"version-history":[{"count":3,"href":"https:\/\/appa.qc.ca\/cssdm\/wp-json\/wp\/v2\/posts\/3357\/revisions"}],"predecessor-version":[{"id":3361,"href":"https:\/\/appa.qc.ca\/cssdm\/wp-json\/wp\/v2\/posts\/3357\/revisions\/3361"}],"wp:featuredmedia":[{"embeddable":true,"href":"https:\/\/appa.qc.ca\/cssdm\/wp-json\/wp\/v2\/media\/3358"}],"wp:attachment":[{"href":"https:\/\/appa.qc.ca\/cssdm\/wp-json\/wp\/v2\/media?parent=3357"}],"wp:term":[{"taxonomy":"category","embeddable":true,"href":"https:\/\/appa.qc.ca\/cssdm\/wp-json\/wp\/v2\/categories?post=3357"},{"taxonomy":"post_tag","embeddable":true,"href":"https:\/\/appa.qc.ca\/cssdm\/wp-json\/wp\/v2\/tags?post=3357"}],"curies":[{"name":"wp","href":"https:\/\/api.w.org\/{rel}","templated":true}]}}