{"id":482,"count":6,"description":"","link":"https:\/\/appa.qc.ca\/cssdm\/evenements\/categorie\/assemblee-generale\/","name":"Assembl\u00e9e g\u00e9n\u00e9rale","slug":"assemblee-generale","taxonomy":"tribe_events_cat","parent":0,"meta":[],"_links":{"self":[{"href":"https:\/\/appa.qc.ca\/cssdm\/wp-json\/wp\/v2\/tribe_events_cat\/482","targetHints":{"allow":["GET"]}}],"collection":[{"href":"https:\/\/appa.qc.ca\/cssdm\/wp-json\/wp\/v2\/tribe_events_cat"}],"about":[{"href":"https:\/\/appa.qc.ca\/cssdm\/wp-json\/wp\/v2\/taxonomies\/tribe_events_cat"}],"wp:post_type":[{"href":"https:\/\/appa.qc.ca\/cssdm\/wp-json\/wp\/v2\/tribe_events?tribe_events_cat=482"},{"href":"https:\/\/appa.qc.ca\/cssdm\/wp-json\/wp\/v2\/tec_calendar_embed?tribe_events_cat=482"}],"curies":[{"name":"wp","href":"https:\/\/api.w.org\/{rel}","templated":true}]}}